{"id":3336,"__str__":"REQAD N\u00ba 012/2025 - Requerimento ADMINISTRATIVO","link_detail_backend":"/docadm/3336","metadata":{"signs":{"texto_integral":{}}},"numero":12,"complemento":"","ano":2025,"data":"2025-08-07","interessado":"vereadores","dias_prazo":null,"data_fim_prazo":"2025-08-18","tramitacao":true,"assunto":"Representa\u00e7\u00e3o oficial na ALESP \u2013 Requerimento n\u00ba 12/2025, os vereadores N\u00e9ia de Cel.Goulart - (Lucin\u00e9ia Maria Alves Paduan) - GV 7 Regina M\u00e1rcia (Regina M\u00e1rcia Silva) - GV 8, Dudu Sanches (Carlos Alexandre Arques Sanches) - GV 5 e Michael Dos Santos Rodrigues - GV 6 foram autorizados pelo Exmo. Sr. Joel Nunes de Almeida - PRES a representar esta C\u00e2mara Municipal em agenda oficial junto \u00e0 Assembleia Legislativa do Estado de S\u00e3o Paulo \u2013 ALESP, no dia 13 de agosto de 2025.","numero_externo":null,"observacao":"Informo, para ci\u00eancia e provid\u00eancias desse setor, que, conforme o Requerimento n\u00ba 12/2025, os vereadores Neia, Regina, Dudu e Michael foram autorizados a representar esta C\u00e2mara Municipal em agenda oficial junto \u00e0 Assembleia Legislativa do Estado de S\u00e3o Paulo \u2013 ALESP, no dia 13 de agosto de 2025.\r\n\r\nO deslocamento ser\u00e1 realizado com o ve\u00edculo oficial da C\u00e2mara Municipal, conforme normas regimentais e administrativas vigentes.\r\n\r\nSolicito, ainda, que sejam adotadas as provid\u00eancias necess\u00e1rias para o devido empenho e previs\u00e3o de gastos relacionados a esta representa\u00e7\u00e3o oficial, incluindo transporte, alimenta\u00e7\u00e3o e eventuais despesas pertinentes, nos termos da legisla\u00e7\u00e3o vigente.\r\n\r\nAtenciosamente,\r\n\r\nFABIANE MARIA DE S\u00c3O JOS\u00c9\r\nDiretora Legislativa, Assessora de Gabinete da Presid\u00eancia e Assessora de Rela\u00e7\u00f5es Institucionais.","texto_integral":"http://sapl.alvaresmachado.sp.leg.br/media/sapl/private/documentoadministrativo/3336/requerimentoadm12.2025-completo.pdf","restrito":false,"ip":"170.239.52.150","ultima_edicao":"2026-03-12T11:18:47.252232-03:00","tipo":3,"protocolo":null,"autor":56,"user":63,"anexados":[3354,3352],"materiasvinculadas":[]}