{"id":9440,"__str__":"Mo\u00e7\u00e3o n\u00ba 22 de 2022","link_detail_backend":"/materia/9440","metadata":{},"numero":22,"ano":2022,"numero_protocolo":null,"data_apresentacao":"2022-05-17","tipo_apresentacao":"E","data_publicacao":null,"numero_origem_externa":"","ano_origem_externa":null,"data_origem_externa":null,"apelido":"","dias_prazo":null,"data_fim_prazo":null,"em_tramitacao":false,"polemica":false,"objeto":"","complementar":false,"ementa":"Mo\u00e7\u00e3o de pesar pelo falecimento recente do Dr. Joaquim Elcio Ferreira - Ex promotor de justi\u00e7a de Presidente Prudente.","indexacao":"","observacao":"","resultado":"","texto_original":"http://sapl.alvaresmachado.sp.leg.br/media/sapl/public/materialegislativa/2022/9440/moc022.pdf","data_ultima_atualizacao":"2022-05-19T08:38:30.134264-03:00","ip":"143.208.124.24","ultima_edicao":"2022-05-19T08:37:01.496496-03:00","tipo":7,"regime_tramitacao":1,"tipo_origem_externa":null,"local_origem_externa":null,"user":46,"anexadas":[],"autores":[7]}