{"id":9288,"__str__":"Requerimento n\u00ba 43 de 2022","link_detail_backend":"/materia/9288","metadata":{},"numero":43,"ano":2022,"numero_protocolo":null,"data_apresentacao":"2022-03-08","tipo_apresentacao":"","data_publicacao":null,"numero_origem_externa":"","ano_origem_externa":null,"data_origem_externa":null,"apelido":"","dias_prazo":null,"data_fim_prazo":null,"em_tramitacao":false,"polemica":false,"objeto":"","complementar":false,"ementa":"Solicita\u00e7\u00e3o de informa\u00e7\u00e3o:\r\n1. Se h\u00e1 projeto para ampliar a \u00e1rea do cemit\u00e9rio local , e, caso tenha informar quais ser\u00e3o as \u00e1reas utilizadas;\r\n2. Como se encontra o processo de devolu\u00e7\u00e3o das \u00e1reas institucionais do loteamento \"Manoel Medina\", e, da \u00e1rea onde est\u00e1 sendo instalada a \"Torre\", que poderia ser utilizada para tal amplia\u00e7\u00e3o.","indexacao":"","observacao":"","resultado":"","texto_original":"http://sapl.alvaresmachado.sp.leg.br/media/sapl/public/materialegislativa/2022/9288/reqcompleto43.pdf","data_ultima_atualizacao":"2022-03-22T09:12:17.152095-03:00","ip":"143.208.124.24","ultima_edicao":"2022-03-22T09:12:16.986802-03:00","tipo":3,"regime_tramitacao":1,"tipo_origem_externa":null,"local_origem_externa":null,"user":46,"anexadas":[],"autores":[7]}