{"id":11408,"__str__":"Projeto de Lei do Executivo n\u00ba 5 de 2026","link_detail_backend":"/materia/11408","metadata":{"signs":{"texto_original":{"admin":[],"autores":[["Adriano Gimenez Stuani",["2026-04-10T09:45:35-03:00","ICP-Brasil"]],["Luiz Francisco Boigues",["2026-04-10T09:26:17-03:00","ICP-Brasil"]]]}}},"numero":5,"ano":2026,"numero_protocolo":null,"data_apresentacao":"2026-04-09","tipo_apresentacao":"E","data_publicacao":null,"numero_origem_externa":"025","ano_origem_externa":2026,"data_origem_externa":"2026-04-09","apelido":"","dias_prazo":null,"data_fim_prazo":null,"em_tramitacao":true,"polemica":true,"objeto":"","complementar":false,"ementa":"Substitutivo. Estabelece a Estrutura Administrativa e o Quadro de Pessoal da Prefeitura Municipal de Alvares Machado e d\u00e1 outras provid\u00eancias.","indexacao":"","observacao":"Protocolo 025/2026    Recebido C\u00f3digo externo: 296.517.757.410.164.058  Gabinete _Prefeitura_MUNIC\u00cdPIO DE ALVARES MACHADO \r\n gabinete@alvaresmachado.sp.gov.br\r\n\r\nDespacho 3- 025/2026 Respondido 10/04/2026 10:38  Gabinete _Prefeitura_MUNIC\u00cdPIO DE ALVARES MACHADO.  Projeto de lei, com as devidas altera\u00e7\u00f5es realizadas em seus anexos, conforme revis\u00e3o efetuada.","resultado":"","texto_original":"http://sapl.alvaresmachado.sp.leg.br/media/sapl/public/materialegislativa/2026/11408/projeto_de_lei_n_05_2026_estrutura_administrativa_e_quadro_de_pessoal_pmam_v_09_04_2026_9h17.pdf","data_ultima_atualizacao":"2026-04-23T08:17:58.947748-03:00","ip":"170.239.52.165","ultima_edicao":"2026-04-10T11:47:53.454645-03:00","tipo":12,"regime_tramitacao":1,"tipo_origem_externa":null,"local_origem_externa":2,"user":47,"anexadas":[],"autores":[61]}