{"id":11405,"__str__":"OF GAB 1 n\u00ba 2 de 2026","link_detail_backend":"/materia/11405","metadata":{},"numero":2,"ano":2026,"numero_protocolo":null,"data_apresentacao":"2026-04-06","tipo_apresentacao":"E","data_publicacao":"2026-04-07","numero_origem_externa":"","ano_origem_externa":null,"data_origem_externa":null,"apelido":"","dias_prazo":null,"data_fim_prazo":"2026-04-30","em_tramitacao":true,"polemica":false,"objeto":"","complementar":false,"ementa":"Solicita\u00e7\u00e3o de provid\u00eancias \u2013 limpeza urbana e recapeamento no Parque dos Pinheiros e Jardim Panorama","indexacao":"","observacao":"OF\u00cdCIO GAB 01 \u2013 OF\u00cdCIO 002/2026 \r\n\r\n\u00c1lvares Machado/SP, 07 de abril de 2026.\r\n\r\nAo Excelent\u00edssimo Senhor Prefeito de \u00c1lvares Machado/SP\r\n\r\nAssunto: Solicita\u00e7\u00e3o de provid\u00eancias \u2013 limpeza urbana e recapeamento no Parque dos Pinheiros e Jardim Panorama\r\n\r\nSenhor Prefeito,\r\n\r\nVenho, por meio deste, solicitar a Vossa Excel\u00eancia a ado\u00e7\u00e3o de provid\u00eancias urgentes quanto \u00e0 limpeza das pra\u00e7as, bem como a limpeza das margens (beiradas) das vias p\u00fablicas localizadas nos bairros Parque dos Pinheiros e Jardim Panorama.\r\nSolicita-se, ainda, a realiza\u00e7\u00e3o de servi\u00e7os de recapeamento em diversas ruas dos referidos bairros, tendo em vista as condi\u00e7\u00f5es prec\u00e1rias de trafegabilidade atualmente verificadas.\r\nA presente solicita\u00e7\u00e3o decorre de in\u00fameras reclama\u00e7\u00f5es da popula\u00e7\u00e3o, que relatam o agravamento dos problemas, sem que as provid\u00eancias necess\u00e1rias estejam sendo adotadas de forma adequada.\r\nDiante disso, requer-se a realiza\u00e7\u00e3o de uma vistoria geral nas \u00e1reas mencionadas, a fim de possibilitar a identifica\u00e7\u00e3o das demandas e a ado\u00e7\u00e3o das medidas cab\u00edveis com a devida urg\u00eancia.\r\n\r\nSeguem fotos dos locais:\r\n  \t \r\n\r\nSem mais para o momento, renovo protestos de elevada estima e considera\u00e7\u00e3o.\r\n\r\nAtenciosamente,\r\n\r\n\r\n\r\nJOEL NUNES\r\nVereador","resultado":"","texto_original":"http://sapl.alvaresmachado.sp.leg.br/media/sapl/public/materialegislativa/2026/11405/emissao_bc38f59f1d02922eacbd0626_oficio-002-2026_assinado_versaoimpressao.pdf","data_ultima_atualizacao":"2026-04-07T09:36:22.762539-03:00","ip":"143.208.112.243","ultima_edicao":"2026-04-07T09:36:21.534321-03:00","tipo":23,"regime_tramitacao":1,"tipo_origem_externa":null,"local_origem_externa":null,"user":63,"anexadas":[],"autores":[36]}