{"id":11283,"__str__":"OF GAB 8 n\u00ba 9 de 2025","link_detail_backend":"/materia/11283","metadata":{},"numero":9,"ano":2025,"numero_protocolo":null,"data_apresentacao":"2025-12-15","tipo_apresentacao":"E","data_publicacao":null,"numero_origem_externa":"","ano_origem_externa":null,"data_origem_externa":null,"apelido":"","dias_prazo":null,"data_fim_prazo":null,"em_tramitacao":false,"polemica":false,"objeto":"","complementar":false,"ementa":"Ao Dep. Federal Alencar Santana (PT) Emenda Parlamentar no valor de R$ 500.000,00, destinado ao custeio da sa\u00fade de \u00c1lvares Machado.","indexacao":"","observacao":"OF\u00cdCIO GAB 8 N\u00ba 9/2025\r\n\u00c1lvares Machado, 15 de dezembro de 2025.\r\n\r\nAo Excelent\u00edssimo Senhor\r\nDeputado Federal Alencar Santana\r\nC\u00e2mara dos Deputados \u2013 Bras\u00edlia/DF\r\nAssunto: Indica\u00e7\u00e3o de Emenda Parlamentar ao Munic\u00edpio de \u00c1lvares Machado\r\n\r\nExcelent\u00edssimo Senhor Deputado,\r\nCumprimentando-o cordialmente, venho, por meio deste, manifestar os agradecimentos desta Casa Legislativa pelo compromisso com a popula\u00e7\u00e3o de \u00c1lvares Machado e, especialmente, indicar a destina\u00e7\u00e3o de emenda parlamentar no valor de R$ 500.000,00 (quinhentos mil reais), a t\u00edtulo de custeio na \u00e1rea da sa\u00fade, a ser direcionada ao Fundo Municipal de Sa\u00fade de nosso munic\u00edpio.\r\nTal recurso ser\u00e1 de grande relev\u00e2ncia para a manuten\u00e7\u00e3o e melhoria dos servi\u00e7os de aten\u00e7\u00e3o b\u00e1sica e especializada, ampliando o acesso e a qualidade do atendimento prestado aos mun\u00edcipes.\r\nNa certeza da aten\u00e7\u00e3o de Vossa Excel\u00eancia e renovando votos de elevada estima e distinta considera\u00e7\u00e3o, coloco-me \u00e0 disposi\u00e7\u00e3o para quaisquer esclarecimentos adicionais.\r\nAtenciosamente,\r\nRenovando votos de elevada estima e considera\u00e7\u00e3o, subscrevo-me.\r\nAtenciosamente,\r\nRegina M\u00e1rcia\r\nVereadora \u2013 C\u00e2mara Municipal de \u00c1lvares Machado","resultado":"","texto_original":"http://sapl.alvaresmachado.sp.leg.br/media/sapl/public/materialegislativa/2025/11283/of_gab8_9-2025001.pdf","data_ultima_atualizacao":"2025-12-15T10:27:35.375349-03:00","ip":"143.208.112.50","ultima_edicao":"2025-12-15T10:27:35.260994-03:00","tipo":30,"regime_tramitacao":6,"tipo_origem_externa":null,"local_origem_externa":null,"user":47,"anexadas":[],"autores":[59]}