{"id":11193,"__str__":"Projeto de Lei Ordin\u00e1ria n\u00ba 18 de 2025","link_detail_backend":"/materia/11193","metadata":{},"numero":18,"ano":2025,"numero_protocolo":null,"data_apresentacao":"2025-10-01","tipo_apresentacao":"E","data_publicacao":"2025-10-01","numero_origem_externa":"","ano_origem_externa":null,"data_origem_externa":null,"apelido":"","dias_prazo":null,"data_fim_prazo":null,"em_tramitacao":true,"polemica":false,"objeto":"","complementar":false,"ementa":"Denomina\u00e7\u00e3o de espa\u00e7os no novo Centro Cultural Jorge Matsuda, como \u201cBiblioteca Professora Isabel Aparecida de Melo Silva\u201d, destinado ao incentivo \u00e0 leitura, pesquisa e acesso ao conhecimento, e \u201cSala de Cultura Jocame - Jos\u00e9 Carlos Mendez\u201d, destinado a atividades culturais, art\u00edsticas, palestras e oficinas.","indexacao":"","observacao":"","resultado":"","texto_original":null,"data_ultima_atualizacao":"2025-10-03T10:18:24.890359-03:00","ip":"170.239.52.137","ultima_edicao":"2025-10-03T08:06:56.564685-03:00","tipo":1,"regime_tramitacao":6,"tipo_origem_externa":null,"local_origem_externa":null,"user":63,"anexadas":[],"autores":[59]}