{"id":11166,"__str__":"OF GAB 8 n\u00ba 7 de 2025","link_detail_backend":"/materia/11166","metadata":{},"numero":7,"ano":2025,"numero_protocolo":null,"data_apresentacao":"2025-09-15","tipo_apresentacao":"E","data_publicacao":"2025-09-16","numero_origem_externa":"","ano_origem_externa":null,"data_origem_externa":null,"apelido":"","dias_prazo":null,"data_fim_prazo":null,"em_tramitacao":false,"polemica":false,"objeto":"","complementar":false,"ementa":"Ao Excelent\u00edssimo Senhor Deputado Delegado da Cunha. Assunto: Solicita\u00e7\u00e3o de Emenda impositiva parlamentar no valor de R$ 150.000,00  para custeio da sa\u00fade","indexacao":"","observacao":"OF\u00cdCIO N\u00ba 007/2025\r\n\r\n\u00c1lvares Machado/SP, 15 de setembro de 2025.\r\n\r\nAo Excelent\u00edssimo Senhor Deputado Delegado da Cunha\r\nGabinete Parlamentar\r\n\r\nAssunto: Solicita\u00e7\u00e3o de Emenda Impositiva para custeio da sa\u00fade\r\n\r\nExcelent\u00edssimo Senhor Deputado,\r\n\r\nNa qualidade de Vereadora do Munic\u00edpio de \u00c1lvares Machado/SP, venho respeitosamente \u00e0 presen\u00e7a de Vossa Excel\u00eancia solicitar a destina\u00e7\u00e3o de emenda impositiva parlamentar no valor de R$ 150.000,00 (cento e cinquenta mil reais), a ser destinada ao custeio da sa\u00fade p\u00fablica municipal.\r\nA presente solicita\u00e7\u00e3o justifica-se diante da relev\u00e2ncia e da necessidade de fortalecimento das a\u00e7\u00f5es de sa\u00fade no munic\u00edpio, visando garantir melhor atendimento \u00e0 popula\u00e7\u00e3o, suprir despesas de manuten\u00e7\u00e3o e aquisi\u00e7\u00e3o de insumos, al\u00e9m de assegurar condi\u00e7\u00f5es adequadas para a continuidade dos servi\u00e7os essenciais prestados pela rede municipal de sa\u00fade.\r\nCerto de poder contar com a aten\u00e7\u00e3o e o comprometimento de Vossa Excel\u00eancia em prol da nossa comunidade, reitero protestos de elevada estima e distinta considera\u00e7\u00e3o.\r\nAtenciosamente,\r\n\r\n\r\nREGINA M\u00c1RCIA SILVA\r\nVereadora da C\u00e2mara Municipal de \u00c1lvares Machado/SP","resultado":"","texto_original":null,"data_ultima_atualizacao":"2025-09-16T08:57:10.559995-03:00","ip":"143.208.127.95","ultima_edicao":"2025-09-16T08:55:47.447248-03:00","tipo":30,"regime_tramitacao":6,"tipo_origem_externa":null,"local_origem_externa":null,"user":47,"anexadas":[],"autores":[59]}