{"id":10780,"__str__":"Requerimento n\u00ba 237 de 2024","link_detail_backend":"/materia/10780","metadata":{},"numero":237,"ano":2024,"numero_protocolo":null,"data_apresentacao":"2024-11-26","tipo_apresentacao":"E","data_publicacao":"2024-12-04","numero_origem_externa":"","ano_origem_externa":null,"data_origem_externa":null,"apelido":"","dias_prazo":null,"data_fim_prazo":"2025-01-02","em_tramitacao":true,"polemica":false,"objeto":"","complementar":false,"ementa":"Solicita provid\u00eancias ao Sr. Prefeito e \u00e0 \u201cCART\u201d para corte de \u00e1rvores secas na Vicinal Vereador\r\nJos\u00e9 Molina, pr\u00f3ximo \u00e0 entrada da cidade, na divisa com a propriedade \u201cCh\u00e1cara Tr\u00eas Irm\u00e3os\u201d","indexacao":"","observacao":"REQUERIMENTO N\u00ba 237/2024  \r\n\r\n\r\nSenhora presidente, \r\n\r\n\r\nREQUEIRO \u00c0 MESA, de acordo com as normas regimentais e ap\u00f3s ouvido o Plen\u00e1rio, que seja encaminhado expediente ao senhor prefeito com c\u00f3pia \u00e0 Concession\u00e1ria Cart, solicitando que sejam tomadas provid\u00eancias para corte de \u00e1rvores secas a aproximadamente 300 metros da entrada da cidade de \u00c1lvares Machado, do lado esquerdo da faixa de dom\u00ednio, na divisa da cerca da propriedade com placa \u201cCh\u00e1cara Tr\u00eas Irm\u00e3os\u201d, na Vicinal Vereador Jos\u00e9 Molina. (Pedido do propriet\u00e1rio)\r\nFotos anexas.\r\n\r\nSala de Sess\u00f5es, 26 de novembro de 2024. \r\n\r\n\r\n\r\nPedrinho do Coral\r\nVereador","resultado":"","texto_original":"http://sapl.alvaresmachado.sp.leg.br/media/sapl/public/materialegislativa/2024/10780/req_237-24001.pdf","data_ultima_atualizacao":"2024-12-04T12:08:04.383441-03:00","ip":"143.208.127.229","ultima_edicao":"2024-12-04T12:07:02.893168-03:00","tipo":3,"regime_tramitacao":1,"tipo_origem_externa":null,"local_origem_externa":null,"user":41,"anexadas":[],"autores":[7]}